{"id":544,"date":"2024-01-10T17:00:46","date_gmt":"2024-01-10T20:00:46","guid":{"rendered":"https:\/\/virtualmente.org\/?p=544"},"modified":"2025-11-18T13:17:02","modified_gmt":"2025-11-18T16:17:02","slug":"campo-del-cielo-en-argentina-unida","status":"publish","type":"post","link":"https:\/\/virtualmente.org\/index.php\/2024\/01\/10\/campo-del-cielo-en-argentina-unida\/","title":{"rendered":"Campo del Cielo en Argentina Unida"},"content":{"rendered":"\n<h2 class=\"wp-block-heading has-text-align-center\"><strong>Entre otras propuestas, la provincia tendr\u00e1 presencia en Argentina Unida se Muestra a trav\u00e9s del proyecto Campo del Cielo, iniciativa que recrea la lluvia de meteoritos que reg\u00f3 el suelo de la actual provincia de Chaco<\/strong><\/h2>\n\n\n\n<figure class=\"wp-block-gallery has-nested-images columns-default is-cropped wp-block-gallery-1 is-layout-flex wp-block-gallery-is-layout-flex\">\n<figure class=\"wp-block-image size-large\"><img loading=\"lazy\" decoding=\"async\" width=\"1024\" height=\"683\" data-id=\"553\" src=\"https:\/\/virtualmente.org\/wp-content\/uploads\/2024\/01\/618a82b9c25b3233750630-1-1024x683-1.jpg\" alt=\"\" class=\"wp-image-553\" srcset=\"https:\/\/virtualmente.org\/wp-content\/uploads\/2024\/01\/618a82b9c25b3233750630-1-1024x683-1.jpg 1024w, https:\/\/virtualmente.org\/wp-content\/uploads\/2024\/01\/618a82b9c25b3233750630-1-1024x683-1-600x400.jpg 600w, https:\/\/virtualmente.org\/wp-content\/uploads\/2024\/01\/618a82b9c25b3233750630-1-1024x683-1-300x200.jpg 300w, https:\/\/virtualmente.org\/wp-content\/uploads\/2024\/01\/618a82b9c25b3233750630-1-1024x683-1-768x512.jpg 768w, https:\/\/virtualmente.org\/wp-content\/uploads\/2024\/01\/618a82b9c25b3233750630-1-1024x683-1-360x240.jpg 360w\" sizes=\"auto, (max-width: 1024px) 100vw, 1024px\" \/><\/figure>\n\n\n\n<figure class=\"wp-block-image size-large\"><img loading=\"lazy\" decoding=\"async\" width=\"1024\" height=\"683\" data-id=\"554\" src=\"https:\/\/virtualmente.org\/wp-content\/uploads\/2024\/01\/618a82b9c602f417883042-1024x683-1.jpg\" alt=\"\" class=\"wp-image-554\" srcset=\"https:\/\/virtualmente.org\/wp-content\/uploads\/2024\/01\/618a82b9c602f417883042-1024x683-1.jpg 1024w, https:\/\/virtualmente.org\/wp-content\/uploads\/2024\/01\/618a82b9c602f417883042-1024x683-1-600x400.jpg 600w, https:\/\/virtualmente.org\/wp-content\/uploads\/2024\/01\/618a82b9c602f417883042-1024x683-1-300x200.jpg 300w, https:\/\/virtualmente.org\/wp-content\/uploads\/2024\/01\/618a82b9c602f417883042-1024x683-1-768x512.jpg 768w, https:\/\/virtualmente.org\/wp-content\/uploads\/2024\/01\/618a82b9c602f417883042-1024x683-1-360x240.jpg 360w\" sizes=\"auto, (max-width: 1024px) 100vw, 1024px\" \/><\/figure>\n<\/figure>\n\n\n\n<p>Poniendo en relieve el rol cada vez m\u00e1s protag\u00f3nico de las tecnolog\u00edas inmersivas, esta ofrece una recreaci\u00f3n mediante realidad aumentada del fen\u00f3meno que dio origen al popular cementerio de asteroides conocido como Campo del Cielo.<\/p>\n\n\n\n<figure class=\"wp-block-gallery has-nested-images columns-4 is-cropped wp-block-gallery-2 is-layout-flex wp-block-gallery-is-layout-flex\">\n<figure class=\"wp-block-image size-large\"><img loading=\"lazy\" decoding=\"async\" width=\"390\" height=\"814\" data-id=\"550\" src=\"https:\/\/virtualmente.org\/wp-content\/uploads\/2024\/01\/Captura-de-pantalla-2023-07-17-a-las-21.27.04.png\" alt=\"\" class=\"wp-image-550\" srcset=\"https:\/\/virtualmente.org\/wp-content\/uploads\/2024\/01\/Captura-de-pantalla-2023-07-17-a-las-21.27.04.png 390w, https:\/\/virtualmente.org\/wp-content\/uploads\/2024\/01\/Captura-de-pantalla-2023-07-17-a-las-21.27.04-144x300.png 144w\" sizes=\"auto, (max-width: 390px) 100vw, 390px\" \/><\/figure>\n\n\n\n<figure class=\"wp-block-image size-large\"><img loading=\"lazy\" decoding=\"async\" width=\"145\" height=\"300\" data-id=\"547\" src=\"https:\/\/virtualmente.org\/wp-content\/uploads\/2024\/01\/Captura-de-pantalla-2023-07-17-a-las-21.26.44-145x300-1.png\" alt=\"\" class=\"wp-image-547\"\/><\/figure>\n\n\n\n<figure class=\"wp-block-image size-large\"><img loading=\"lazy\" decoding=\"async\" width=\"391\" height=\"812\" data-id=\"549\" src=\"https:\/\/virtualmente.org\/wp-content\/uploads\/2024\/01\/Captura-de-pantalla-2023-07-17-a-las-21.27.16.png\" alt=\"\" class=\"wp-image-549\" srcset=\"https:\/\/virtualmente.org\/wp-content\/uploads\/2024\/01\/Captura-de-pantalla-2023-07-17-a-las-21.27.16.png 391w, https:\/\/virtualmente.org\/wp-content\/uploads\/2024\/01\/Captura-de-pantalla-2023-07-17-a-las-21.27.16-144x300.png 144w\" sizes=\"auto, (max-width: 391px) 100vw, 391px\" \/><\/figure>\n\n\n\n<figure class=\"wp-block-image size-large\"><img loading=\"lazy\" decoding=\"async\" width=\"392\" height=\"812\" data-id=\"548\" src=\"https:\/\/virtualmente.org\/wp-content\/uploads\/2024\/01\/Captura-de-pantalla-2023-07-17-a-las-21.27.25.png\" alt=\"\" class=\"wp-image-548\" srcset=\"https:\/\/virtualmente.org\/wp-content\/uploads\/2024\/01\/Captura-de-pantalla-2023-07-17-a-las-21.27.25.png 392w, https:\/\/virtualmente.org\/wp-content\/uploads\/2024\/01\/Captura-de-pantalla-2023-07-17-a-las-21.27.25-145x300.png 145w\" sizes=\"auto, (max-width: 392px) 100vw, 392px\" \/><\/figure>\n<\/figure>\n\n\n\n<p>\u201cLa idea era plantear una propuesta de realidad virtual, pero desde el Ministerio de Cultura de Naci\u00f3n no lo recomendaban por el riesgo sanitario que implicaba el tener que compartir los visores entre los distintos participantes, porque son elementos que entran en contacto con el rostro. Entonces el plan fue ir por la realidad aumentada\u201d, cuenta el desarrollador del proyecto y de la aplicaci\u00f3n, Sebasti\u00e1n Serantes.<\/p>\n\n\n\n<p>\u201cSi la realidad virtual es meterse, sumergirse en un mundo virtual en el cual se mira para todos lados con el visor y se est\u00e1 metido adentro de la historia, la realidad aumentada es traer un poco de esa narrativa a este mundo, es decir incorporar objetos virtuales al mundo real a trav\u00e9s de la c\u00e1mara en un dispositivo. En este caso puede ser celular compatible (los de ante\u00faltima generaci\u00f3n de 2015\/2017 en adelante) o una tablet con sistema Android. El contenido pasa por el eje de Campo del Cielo, as\u00ed que esto te permite en tu entorno traer un objeto del mundo virtual, y de esta manera hacer aparecer en el living de tu casa, en la vereda, donde vos quieras, un paisaje con meteoritos\u201d, explic\u00f3.<\/p>\n\n\n\n<p>Es un lugar de encuentro, intercambio y visibilizaci\u00f3n para la producci\u00f3n de artistas, dise\u00f1adores, productores, cient\u00edficos y cient\u00edficas, programadores, ingenieros e ingenieras, gestores, emprendedores, creadores y tecn\u00f3logos y tecn\u00f3logas.<\/p>\n\n\n\n<h2 class=\"wp-block-heading\">Sobre Campo del Cielo AR<\/h2>\n\n\n\n<p>\u201cLa realidad virtual, la realidad aumentada, los videos 360\u00b0, son tecnolog\u00edas inmersivas. As\u00ed se denominan porque involucran al usuario con el contenido al punto de sentir el contacto directo. Puede ser dentro de la experiencia, como en la realidad virtual, o trayendo parte de ese mundo virtual al mundo real como con la realidad aumentada\u201d, manifest\u00f3 Sebastian Serantes, creador de la aplicaci\u00f3n.<\/p>\n\n\n\n<p>\u201cCon esta propuesta la idea es jugar mucho desde la ciencia ficci\u00f3n. En lo personal, mi esperanza est\u00e1 en la ciencia, creo que es el camino a trav\u00e9s del cual la humanidad va a encontrar la fraternidad, la uni\u00f3n y su destino, con esa estrella como gu\u00eda\u201d, agreg\u00f3.<\/p>\n\n\n\n<p>Por su parte el vicepresidente del Instituto de Cultura, Alfredo Germignani, expres\u00f3 al respecto: \u201cel proyecto Campo del Cielo tiene como objetivo poner en valor lo local, y mostrar c\u00f3mo la creatividad contribuye a la innovaci\u00f3n y a la econom\u00eda basada en las industrias culturales. Se trata de una experiencia innovadora que fomenta cruces interdisciplinarios y el intercambio de conocimientos. Est\u00e1 disponible para cualquier persona que quiera conocer m\u00e1s sobre nuestro patrimonio chaque\u00f1o, y materializar una lluvia de meteoritos al alcance de su mano\u201d<\/p>\n\n\n\n<p>\u201cAdem\u00e1s se encuentra la presencia de una conciencia artificial, que tiene un nombre en qom que significa \u201cgu\u00eda\u201d y que oficia como tal a trav\u00e9s de la experiencia. Una suerte de mentor que va acompa\u00f1ando el recorrido por la realidad aumentada, recomendando que hacer y mostrando como usar el dispositivo\u201d, agreg\u00f3 Serantes.<\/p>\n\n\n\n<p>Fuentes:<br><a href=\"https:\/\/www.diarionorte.com\/211311-la-cultura-chaquena-se-muestra-en-tecnopolis\">https:\/\/www.diarionorte.com\/211311-la-cultura-chaquena-se-muestra-en-tecnopolis<\/a><\/p>\n","protected":false},"excerpt":{"rendered":"<p>Entre otras propuestas, la provincia tendr\u00e1 presencia en Argentina Unida se Muestra a trav\u00e9s del proyecto Campo del Cielo, iniciativa que recrea la lluvia de meteoritos que reg\u00f3 el suelo de la actual provincia de Chaco Poniendo en relieve el rol cada vez m\u00e1s protag\u00f3nico de las tecnolog\u00edas inmersivas, esta [&hellip;]<\/p>\n","protected":false},"author":1,"featured_media":553,"comment_status":"closed","ping_status":"closed","sticky":false,"template":"","format":"standard","meta":{"_themeisle_gutenberg_block_has_review":false,"footnotes":""},"categories":[20],"tags":[],"class_list":["post-544","post","type-post","status-publish","format-standard","has-post-thumbnail","hentry","category-actividades"],"_links":{"self":[{"href":"https:\/\/virtualmente.org\/index.php\/wp-json\/wp\/v2\/posts\/544","targetHints":{"allow":["GET"]}}],"collection":[{"href":"https:\/\/virtualmente.org\/index.php\/wp-json\/wp\/v2\/posts"}],"about":[{"href":"https:\/\/virtualmente.org\/index.php\/wp-json\/wp\/v2\/types\/post"}],"author":[{"embeddable":true,"href":"https:\/\/virtualmente.org\/index.php\/wp-json\/wp\/v2\/users\/1"}],"replies":[{"embeddable":true,"href":"https:\/\/virtualmente.org\/index.php\/wp-json\/wp\/v2\/comments?post=544"}],"version-history":[{"count":4,"href":"https:\/\/virtualmente.org\/index.php\/wp-json\/wp\/v2\/posts\/544\/revisions"}],"predecessor-version":[{"id":1352,"href":"https:\/\/virtualmente.org\/index.php\/wp-json\/wp\/v2\/posts\/544\/revisions\/1352"}],"wp:featuredmedia":[{"embeddable":true,"href":"https:\/\/virtualmente.org\/index.php\/wp-json\/wp\/v2\/media\/553"}],"wp:attachment":[{"href":"https:\/\/virtualmente.org\/index.php\/wp-json\/wp\/v2\/media?parent=544"}],"wp:term":[{"taxonomy":"category","embeddable":true,"href":"https:\/\/virtualmente.org\/index.php\/wp-json\/wp\/v2\/categories?post=544"},{"taxonomy":"post_tag","embeddable":true,"href":"https:\/\/virtualmente.org\/index.php\/wp-json\/wp\/v2\/tags?post=544"}],"curies":[{"name":"wp","href":"https:\/\/api.w.org\/{rel}","templated":true}]}}