{"id":1291,"date":"2017-09-02T12:41:00","date_gmt":"2017-09-02T15:41:00","guid":{"rendered":"https:\/\/virtualmente.org\/?p=1291"},"modified":"2025-11-18T13:17:02","modified_gmt":"2025-11-18T16:17:02","slug":"mediapolis-2017","status":"publish","type":"post","link":"https:\/\/virtualmente.org\/index.php\/2017\/09\/02\/mediapolis-2017\/","title":{"rendered":"Mediapolis 2017"},"content":{"rendered":"\n<h2 class=\"wp-block-heading has-text-align-center\">Organizado por IES-UCU, el simposio internacional sobre \u201cComunicaci\u00f3n Digital y Narrativa Audiovisual\u201d se realizar\u00e1 el pr\u00f3ximo 15 y 16 de agosto en la ciudad.&nbsp; &nbsp;<\/h2>\n\n\n\n<figure class=\"wp-block-embed is-type-video is-provider-youtube wp-block-embed-youtube wp-embed-aspect-16-9 wp-has-aspect-ratio\"><div class=\"wp-block-embed__wrapper\">\n<iframe loading=\"lazy\" title=\"Entrevista a Sebasti\u00e1n Serantes - Mediapolis 2017\" width=\"750\" height=\"422\" src=\"https:\/\/www.youtube.com\/embed\/S7Ftn_JzHr0?feature=oembed\" frameborder=\"0\" allow=\"accelerometer; autoplay; clipboard-write; encrypted-media; gyroscope; picture-in-picture; web-share\" referrerpolicy=\"strict-origin-when-cross-origin\" allowfullscreen><\/iframe>\n<\/div><\/figure>\n\n\n\n<iframe loading=\"lazy\" src=\"https:\/\/www.facebook.com\/plugins\/video.php?height=314&#038;href=https%3A%2F%2Fwww.facebook.com%2Fmediapolis.ar%2Fvideos%2F1149301431837390%2F&#038;show_text=false&#038;width=560&#038;t=0\" width=\"560\" height=\"314\" style=\"border:none;overflow:hidden\" scrolling=\"no\" frameborder=\"0\" allowfullscreen=\"true\" allow=\"autoplay; clipboard-write; encrypted-media; picture-in-picture; web-share\" allowFullScreen=\"true\"><\/iframe>\n\n\n\n<p><a href=\"https:\/\/fb.watch\/ulBxQlRsTp\">https:\/\/fb.watch\/ulBxQlRsTp<\/a><br><br>Sebasti\u00e1n Serantes, periodista, profesor de historia y realizador inmersivo, har\u00e1 su aporte en la tercera edici\u00f3n de Medi\u00e1polis, el simposio internacional que organiza el Instituto de Estudios Superiores y la Universidad de Concepci\u00f3n del Uruguay -Centro regional Santa Fe-. Este a\u00f1o el eje estar\u00e1 puesto en la \u201cComunicaci\u00f3n Digital y Narrativas Audiovisuales\u201d.<br><br><strong>\u2014 \u00bfC\u00f3mo lleg\u00e1s a incluir la realidad virtual en tu trabajo?<\/strong><\/p>\n\n\n\n<p>\u2014 Las tecnolog\u00edas inmersivas son aplicables a casi a todos los trabajos y profesiones dado que, en definitiva, no se trata de otra cosa que de una plataforma, desde la cual se abordan contenidos con un componente extra, el de permitir al usuario\/espectador acceder a un lugar privilegiado, situ\u00e1ndose \u201cdentro\u201d de ese contenido e interactuando con \u00e9l.<\/p>\n\n\n\n<p>A partir de mi condici\u00f3n de docente, periodista y realizador inmersivo, interesado en contribuir a la divulgaci\u00f3n cient\u00edfica y al rescate de nuestro patrimonio cultural, decidimos incorporar elementos de la cultura qom, como su cosmogon\u00eda y canciones, exquisitamente recopiladas por la etnomusic\u00f3loga Rosario Haddad y editadas por Diego P\u00e9rez, a una experiencia de VR que adem\u00e1s de acercarnos a esos contenidos culturales nos familiariza con uno de los fen\u00f3menos astron\u00f3micos que personalmente considero m\u00e1s apasionantes, el de la lluvia de meteoros.<\/p>\n\n\n\n<p>Ser un realizador inmersivo es pensar y desarrollar contenidos audiovisuales desde un nuevo punto de vista, en el cual la ausencia de la perspectiva cinematogr\u00e1fica tradicional y formalista es paradigm\u00e1tica. Es decir, consiste en emplear las herramientas adecuadas para que el usuario acceda al entretenimiento o la informaci\u00f3n, pens\u00e1ndolo dentro de esos contenidos, integrado a ellos.<\/p>\n\n\n\n<div class=\"wp-block-buttons my-4 is-layout-flex wp-block-buttons-is-layout-flex\">\n<div class=\"wp-block-button\"><a class=\"wp-block-button__link wp-element-button\" href=\"https:\/\/www.ellitoral.com\/educacion\/tecnologia-inmersiva-lugar-mediapolis-2017_0_EJXzJWs7cp.html\" target=\"_blank\" rel=\"noreferrer noopener\">Continuar leyendo la entrevista<\/a><\/div>\n<\/div>\n\n\n\n<p>Fuente:<br><a href=\"https:\/\/www.ellitoral.com\/educacion\/tecnologia-inmersiva-lugar-mediapolis-2017_0_EJXzJWs7cp.html\">https:\/\/www.ellitoral.com\/educacion\/tecnologia-inmersiva-lugar-mediapolis-2017_0_EJXzJWs7cp.html<\/a><\/p>\n","protected":false},"excerpt":{"rendered":"<p>Organizado por IES-UCU, el simposio internacional sobre \u201cComunicaci\u00f3n Digital y Narrativa Audiovisual\u201d se realizar\u00e1 el pr\u00f3ximo 15 y 16 de agosto en la ciudad.&nbsp; &nbsp; https:\/\/fb.watch\/ulBxQlRsTp Sebasti\u00e1n Serantes, periodista, profesor de historia y realizador inmersivo, har\u00e1 su aporte en la tercera edici\u00f3n de Medi\u00e1polis, el simposio internacional que organiza el [&hellip;]<\/p>\n","protected":false},"author":1,"featured_media":1296,"comment_status":"closed","ping_status":"open","sticky":false,"template":"","format":"standard","meta":{"_themeisle_gutenberg_block_has_review":false,"footnotes":""},"categories":[20],"tags":[],"class_list":["post-1291","post","type-post","status-publish","format-standard","has-post-thumbnail","hentry","category-actividades"],"_links":{"self":[{"href":"https:\/\/virtualmente.org\/index.php\/wp-json\/wp\/v2\/posts\/1291","targetHints":{"allow":["GET"]}}],"collection":[{"href":"https:\/\/virtualmente.org\/index.php\/wp-json\/wp\/v2\/posts"}],"about":[{"href":"https:\/\/virtualmente.org\/index.php\/wp-json\/wp\/v2\/types\/post"}],"author":[{"embeddable":true,"href":"https:\/\/virtualmente.org\/index.php\/wp-json\/wp\/v2\/users\/1"}],"replies":[{"embeddable":true,"href":"https:\/\/virtualmente.org\/index.php\/wp-json\/wp\/v2\/comments?post=1291"}],"version-history":[{"count":4,"href":"https:\/\/virtualmente.org\/index.php\/wp-json\/wp\/v2\/posts\/1291\/revisions"}],"predecessor-version":[{"id":1390,"href":"https:\/\/virtualmente.org\/index.php\/wp-json\/wp\/v2\/posts\/1291\/revisions\/1390"}],"wp:featuredmedia":[{"embeddable":true,"href":"https:\/\/virtualmente.org\/index.php\/wp-json\/wp\/v2\/media\/1296"}],"wp:attachment":[{"href":"https:\/\/virtualmente.org\/index.php\/wp-json\/wp\/v2\/media?parent=1291"}],"wp:term":[{"taxonomy":"category","embeddable":true,"href":"https:\/\/virtualmente.org\/index.php\/wp-json\/wp\/v2\/categories?post=1291"},{"taxonomy":"post_tag","embeddable":true,"href":"https:\/\/virtualmente.org\/index.php\/wp-json\/wp\/v2\/tags?post=1291"}],"curies":[{"name":"wp","href":"https:\/\/api.w.org\/{rel}","templated":true}]}}